{"id":20316,"date":"2020-05-25T15:38:30","date_gmt":"2020-05-25T18:38:30","guid":{"rendered":"https:\/\/alespacodearte.com\/uncategorized\/onde-estao-os-negrxs_\/"},"modified":"2023-08-23T14:32:20","modified_gmt":"2023-08-23T17:32:20","slug":"where-are-the-negros_","status":"publish","type":"post","link":"https:\/\/alespacodearte.com\/en\/lectures\/where-are-the-negros_\/","title":{"rendered":"Where are the Negros_"},"content":{"rendered":"[spb_row element_name=&#8221;Texto&#8221; wrap_type=&#8221;standard-width&#8221; row_bg_type=&#8221;color&#8221; color_row_height=&#8221;content-height&#8221; bg_type=&#8221;cover&#8221; parallax_image_height=&#8221;content-height&#8221; parallax_image_movement=&#8221;fixed&#8221; parallax_image_speed=&#8221;standard&#8221; bg_video_loop=&#8221;yes&#8221; parallax_video_height=&#8221;window-height&#8221; row_top_style=&#8221;none&#8221; row_bottom_style=&#8221;none&#8221; parallax_video_overlay=&#8221;none&#8221; row_overlay_opacity=&#8221;0&#8243; remove_element_spacing=&#8221;no&#8221; row_col_spacing=&#8221;0&#8243; row_col_pos=&#8221;default&#8221; row_col_equal_heights=&#8221;no&#8221; row_expanding=&#8221;no&#8221; row_animation=&#8221;none&#8221; row_animation_delay=&#8221;0&#8243; minimize_row=&#8221;no&#8221; simplified_controls=&#8221;yes&#8221; custom_css_percentage=&#8221;no&#8221; custom_css=&#8221;margin-top: 0px;margin-bottom: 0px;&#8221; border_styling_global=&#8221;default&#8221; width=&#8221;1\/1&#8243; el_position=&#8221;first last&#8221;] [spb_text_block animation=&#8221;none&#8221; animation_delay=&#8221;0&#8243; simplified_controls=&#8221;yes&#8221; custom_css_percentage=&#8221;no&#8221; padding_vertical=&#8221;0&#8243; padding_horizontal=&#8221;0&#8243; margin_vertical=&#8221;0&#8243; custom_css=&#8221;margin-top: 0px;margin-bottom: 0px;&#8221; border_size=&#8221;0&#8243; border_styling_global=&#8221;default&#8221; width=&#8221;1\/1&#8243; el_position=&#8221;first last&#8221;]\n<p class=\"impact-text-large\"><strong>Where are the Negros_<\/strong><\/p>\n<p>Lecture with <strong>Claudinei Roberto da Silva<\/strong><\/p>\n[\/spb_text_block] [\/spb_row] [spb_column col_sm=&#8221;6&#8243; padding_horizontal=&#8221;0&#8243; width=&#8221;1\/2&#8243; el_position=&#8221;first&#8221;] [spb_text_block animation=&#8221;none&#8221; animation_delay=&#8221;0&#8243; simplified_controls=&#8221;yes&#8221; custom_css_percentage=&#8221;no&#8221; padding_vertical=&#8221;0&#8243; padding_horizontal=&#8221;0&#8243; margin_vertical=&#8221;0&#8243; custom_css=&#8221;margin-top: 0px;margin-bottom: 0px;&#8221; border_size=&#8221;0&#8243; border_styling_global=&#8221;default&#8221; width=&#8221;1\/1&#8243; el_position=&#8221;first last&#8221;]\n<p>Al\u00ea Espa\u00e7o de Arte and e <a href=\"https:\/\/www.instagram.com\/claudinei_robertosilva\/\" target=\"_blank\" rel=\"noopener\">@claudinei_robertosilva<\/a> invite you to the lecture: \u201cWhere are the Negrxs? The circulation of Afro-Brazilian artistic production\u201d<\/p>\n<p>Thursday 06\/25<br \/>\n7 pm<\/p>\n<p>Entrance fee: a voluntary donation to O N\u00daCLEO ASSISTENCIAL ANJOS DA NOITE \u2013 an association that distributes food to homeless people.<\/p>\n<p>BANK OF BRAZIL<br \/>\nAG 1812-0<br \/>\nCC 940709-0<br \/>\nCNPJ 67.637.231\/0001-81<\/p>\n<p><strong>Claudinei Roberto da Silva <\/strong>was born in 1963 in S\u00e3o Paulo, he is a visual artist, curator and professor of Art Education at the Dept. of Art at the University of S\u00e3o Paulo. In education, he worked in several institutions, having been Education coordinator at the Museu Afro Brasil, he worked at Funda\u00e7\u00e3o Bienal de S\u00e3o Paulo, Pa\u00e7o das Artes, MIS S\u00e3o Paulo, MAC USP. Pedagogical Artistic Coordinator of the project \u201cA Journey through African diaspora\u201d of the American Alliance of Museums partnership between Museu Afro Brasil and Prince George African American Museum. Among other curatorships: \u201c13th edition of Bienal Na\u00effs do Brasil\u201d at SESC Piracicaba with Clarissa Diniz and Sandra Leibovici 2016, \u201cPretAtitude. Insurgencies, emergencies and affirmations in contemporary Afro-Brazilian art\u201d 2017\/20 for several units of Sesc SP, in addition to \u201cO Banzo, o amor e a Cozinha l\u00e1 de casa\u201d by artist Sidney Amaral, Museu Afro Brasil 2014. Scholarship holder of the \u201cInternational Visitor Leadership Program\u201d Depto. of State by the Government of the United States in 2011. He has works at the National Museum of Afro-Brazilian Culture \u2013 MUNCAB in Salvador, Bahia.<\/p>\n[\/spb_text_block] [\/spb_column] [spb_column col_sm=&#8221;6&#8243; padding_horizontal=&#8221;0&#8243; width=&#8221;1\/2&#8243; el_position=&#8221;last&#8221;] [spb_video link=&#8221;https:\/\/vimeo.com\/557260320&#8243; remove_related=&#8221;yes&#8221; autoplay=&#8221;no&#8221; full_width=&#8221;no&#8221; width=&#8221;1\/1&#8243; el_position=&#8221;first last&#8221;] [spb_blank_spacer height=&#8221;30px&#8221; width=&#8221;1\/1&#8243; el_position=&#8221;first last&#8221;] [spb_image image=&#8221;18890&#8243; image_size=&#8221;full&#8221; frame=&#8221;noframe&#8221; caption_pos=&#8221;hover&#8221; remove_rounded=&#8221;yes&#8221; fullwidth=&#8221;no&#8221; overflow_mode=&#8221;none&#8221; link_target=&#8221;_self&#8221; lightbox=&#8221;no&#8221; intro_animation=&#8221;none&#8221; animation_delay=&#8221;200&#8243; width=&#8221;1\/1&#8243; el_position=&#8221;first last&#8221;][\/spb_image] [\/spb_column]\n","protected":false},"excerpt":{"rendered":"<p>[spb_row element_name=&#8221;Texto&#8221; wrap_type=&#8221;standard-width&#8221; row_bg_type=&#8221;color&#8221; color_row_height=&#8221;content-height&#8221; bg_type=&#8221;cover&#8221; parallax_image_height=&#8221;content-height&#8221; parallax_image_movement=&#8221;fixed&#8221; parallax_image_speed=&#8221;standard&#8221; bg_video_loop=&#8221;yes&#8221; parallax_video_height=&#8221;window-height&#8221; row_top_style=&#8221;none&#8221; row_bottom_style=&#8221;none&#8221; parallax_video_overlay=&#8221;none&#8221; row_overlay_opacity=&#8221;0&#8243; remove_element_spacing=&#8221;no&#8221; row_col_spacing=&#8221;0&#8243; row_col_pos=&#8221;default&#8221; row_col_equal_heights=&#8221;no&#8221; row_expanding=&#8221;no&#8221; row_animation=&#8221;none&#8221; row_animation_delay=&#8221;0&#8243; minimize_row=&#8221;no&#8221; simplified_controls=&#8221;yes&#8221; custom_css_percentage=&#8221;no&#8221; custom_css=&#8221;margin-top: 0px;margin-bottom: 0px;&#8221; border_styling_global=&#8221;default&#8221; width=&#8221;1\/1&#8243; el_position=&#8221;first last&#8221;] [spb_text_block animation=&#8221;none&#8221; animation_delay=&#8221;0&#8243; simplified_controls=&#8221;yes&#8221; custom_css_percentage=&#8221;no&#8221; padding_vertical=&#8221;0&#8243; padding_horizontal=&#8221;0&#8243; margin_vertical=&#8221;0&#8243; custom_css=&#8221;margin-top: 0px;margin-bottom: 0px;&#8221; border_size=&#8221;0&#8243; border_styling_global=&#8221;default&#8221; width=&#8221;1\/1&#8243; el_position=&#8221;first last&#8221;] Where are the Negros_ Lecture with Claudinei Roberto da Silva [\/spb_text_block] [\/spb_row] [&hellip;]<\/p>\n","protected":false},"author":1,"featured_media":20094,"comment_status":"closed","ping_status":"closed","sticky":false,"template":"","format":"standard","meta":{"_mo_disable_npp":"","footnotes":""},"categories":[60],"tags":[],"class_list":["post-20316","post","type-post","status-publish","format-standard","has-post-thumbnail","hentry","category-lectures"],"_links":{"self":[{"href":"https:\/\/alespacodearte.com\/en\/wp-json\/wp\/v2\/posts\/20316","targetHints":{"allow":["GET"]}}],"collection":[{"href":"https:\/\/alespacodearte.com\/en\/wp-json\/wp\/v2\/posts"}],"about":[{"href":"https:\/\/alespacodearte.com\/en\/wp-json\/wp\/v2\/types\/post"}],"author":[{"embeddable":true,"href":"https:\/\/alespacodearte.com\/en\/wp-json\/wp\/v2\/users\/1"}],"replies":[{"embeddable":true,"href":"https:\/\/alespacodearte.com\/en\/wp-json\/wp\/v2\/comments?post=20316"}],"version-history":[{"count":0,"href":"https:\/\/alespacodearte.com\/en\/wp-json\/wp\/v2\/posts\/20316\/revisions"}],"wp:featuredmedia":[{"embeddable":true,"href":"https:\/\/alespacodearte.com\/en\/wp-json\/wp\/v2\/media\/20094"}],"wp:attachment":[{"href":"https:\/\/alespacodearte.com\/en\/wp-json\/wp\/v2\/media?parent=20316"}],"wp:term":[{"taxonomy":"category","embeddable":true,"href":"https:\/\/alespacodearte.com\/en\/wp-json\/wp\/v2\/categories?post=20316"},{"taxonomy":"post_tag","embeddable":true,"href":"https:\/\/alespacodearte.com\/en\/wp-json\/wp\/v2\/tags?post=20316"}],"curies":[{"name":"wp","href":"https:\/\/api.w.org\/{rel}","templated":true}]}}